{"id":4714,"date":"2022-05-06T16:19:33","date_gmt":"2022-05-06T15:19:33","guid":{"rendered":"https:\/\/www.sitb.es\/?p=4714"},"modified":"2022-05-06T16:26:07","modified_gmt":"2022-05-06T15:26:07","slug":"calendario-con-fines-de-semana-para-apt","status":"publish","type":"post","link":"https:\/\/www.sitb.es\/?p=4714","title":{"rendered":"Calendario con fines de semana para APT"},"content":{"rendered":"<p>En el d\u00eda de hoy <strong>ha quedado aprobado por una mayor\u00eda del Comit\u00e9, conformada por UGT, CCOO y <\/strong><strong>SITB,<\/strong> un calendario que pal\u00eda las necesidades del Almac\u00e9n de Producto Terminado, de adaptarse al volumen de producci\u00f3n actual de la planta.<\/p>\n<p>Se va a abrir la posibilidad de que <strong>de manera voluntaria personal de Producci\u00f3n, 20 vacantes, puedan trasladarse a APT, <\/strong>cumpliendo y priorizando los siguientes criterios:<\/p>\n<ul>\n<li>Ser personal indefinido<\/li>\n<li>Haber trabajado anteriormente en APT<\/li>\n<\/ul>\n<p><strong>El calendario que SITB ha aprobado hoy tiene las siguientes caracter\u00edsticas:<\/strong><\/p>\n<ul>\n<li>No tiene noches<\/li>\n<li>Se trabaja la mitad de los s\u00e1bados y domingos que en el 4\u00ba Turno Reforzado<\/li>\n<li><strong>Se disfrutan vacaciones o en julio o en agosto completo y el otro mes solo se trabaja de ma\u00f1ana<\/strong><\/li>\n<li>Se ha firmado para el a\u00f1o 2022<\/li>\n<li>Genera 5 puestos m\u00e1s con car\u00e1cter inmediato<\/li>\n<\/ul>\n<p><strong>En el caso de que este calendario no se hubiese aprobado en el d\u00eda de hoy, tal y como quer\u00eda el BUB, la Empresa hubiese impuesto el calendario de 4\u00ba Turno Reforzado<\/strong> y no hace falta ser muy listo para darse cuenta de las diferencias que existen entre ambos.<\/p>\n<p><strong>SITB<\/strong> ha aprobado la implantaci\u00f3n de este calendario por los siguientes motivos:<\/p>\n<ul>\n<li>Para <strong>SITB<\/strong> tanto la salud como la conciliaci\u00f3n son dos puntos irrenunciables y ya en la plataforma de negociaci\u00f3n del convenio <strong>llev\u00e1bamos una propuesta de reducci\u00f3n e incluso eliminaci\u00f3n de los turnos de noche para ciertos colectivos, punto que se consigue con el calendario aprobado.<\/strong><\/li>\n<li>Parte de nuestra afiliaci\u00f3n en Producci\u00f3n nos ha trasladado su inter\u00e9s por trabajar con este calendario y <strong>tenemos varios tr\u00edpticos desde hace tiempo solicitando el traslado a APT, a los que consideramos necesario dar una soluci\u00f3n.<\/strong><\/li>\n<\/ul>\n<p style=\"text-align: center;\"><strong>\u00a0 \u00a0<\/strong><strong>Por \u00faltimo queremos dejar claro que sea para 5, para 20 o para 1.500, siempre que se presente un calendario que mejore las condiciones de los trabajadores, como el que hoy ha sido aprobado, <\/strong><strong>SITB lo firmar\u00e1<\/strong><\/p>\n","protected":false},"excerpt":{"rendered":"<p>En el d\u00eda de hoy ha quedado aprobado por una mayor\u00eda del Comit\u00e9, conformada por UGT, CCOO y SITB, un calendario que pal\u00eda las necesidades del Almac\u00e9n de Producto Terminado, de adaptarse al volumen de producci\u00f3n actual de la planta. Se va a abrir la posibilidad de que de manera voluntaria personal de Producci\u00f3n, 20 [&hellip;]<\/p>\n","protected":false},"author":1,"featured_media":4724,"comment_status":"closed","ping_status":"closed","sticky":false,"template":"","format":"standard","meta":{"_joinchat":[],"footnotes":""},"categories":[10,20,14],"tags":[],"class_list":["post-4714","post","type-post","status-publish","format-standard","has-post-thumbnail","hentry","category-burgos","category-calendarios","category-te-interesa"],"fimg_url":"https:\/\/www.sitb.es\/wp-content\/uploads\/2022\/05\/hol.jpg","_links":{"self":[{"href":"https:\/\/www.sitb.es\/index.php?rest_route=\/wp\/v2\/posts\/4714","targetHints":{"allow":["GET"]}}],"collection":[{"href":"https:\/\/www.sitb.es\/index.php?rest_route=\/wp\/v2\/posts"}],"about":[{"href":"https:\/\/www.sitb.es\/index.php?rest_route=\/wp\/v2\/types\/post"}],"author":[{"embeddable":true,"href":"https:\/\/www.sitb.es\/index.php?rest_route=\/wp\/v2\/users\/1"}],"replies":[{"embeddable":true,"href":"https:\/\/www.sitb.es\/index.php?rest_route=%2Fwp%2Fv2%2Fcomments&post=4714"}],"version-history":[{"count":4,"href":"https:\/\/www.sitb.es\/index.php?rest_route=\/wp\/v2\/posts\/4714\/revisions"}],"predecessor-version":[{"id":4727,"href":"https:\/\/www.sitb.es\/index.php?rest_route=\/wp\/v2\/posts\/4714\/revisions\/4727"}],"wp:featuredmedia":[{"embeddable":true,"href":"https:\/\/www.sitb.es\/index.php?rest_route=\/wp\/v2\/media\/4724"}],"wp:attachment":[{"href":"https:\/\/www.sitb.es\/index.php?rest_route=%2Fwp%2Fv2%2Fmedia&parent=4714"}],"wp:term":[{"taxonomy":"category","embeddable":true,"href":"https:\/\/www.sitb.es\/index.php?rest_route=%2Fwp%2Fv2%2Fcategories&post=4714"},{"taxonomy":"post_tag","embeddable":true,"href":"https:\/\/www.sitb.es\/index.php?rest_route=%2Fwp%2Fv2%2Ftags&post=4714"}],"curies":[{"name":"wp","href":"https:\/\/api.w.org\/{rel}","templated":true}]}}