{"id":4379,"date":"2021-04-09T07:59:53","date_gmt":"2021-04-09T06:59:53","guid":{"rendered":"https:\/\/www.usobridgestone.com\/?p=4379"},"modified":"2021-04-09T07:59:53","modified_gmt":"2021-04-09T06:59:53","slug":"respuesta-al-bub","status":"publish","type":"post","link":"https:\/\/www.sitb.es\/?p=4379","title":{"rendered":"Respuesta al BUB"},"content":{"rendered":"<p>Pese a que no es nuestro estilo, por una vez y sin que sirva de precedente, desde <strong>SITB-USO<\/strong> queremos responder al \u00faltimo comunicado de BUB, que como todos los anteriores es una <strong>sarta de mentiras y ataques personales<\/strong>, que nada tienen que ver ni con el sindicalismo, ni con la defensa de los intereses de los trabajadores.<\/p>\n<ul>\n<li>En primer lugar, si BUB no est\u00e1 de acuerdo con los motivos que han llevado al Pleno del Comit\u00e9 a destituir al Presidente, <strong>deber\u00eda rebatirlos con argumentos<\/strong> \u00bfO simplemente saben que son ciertos y su \u00fanica salida es hacer como siempre un comunicado que convierte esto en \u00abS\u00e1lvame Deluxe\u00bb?<\/li>\n<li>Mientras nos tachan de lacayos de otros sindicatos, nosotros <strong>seguimos trabajando para encontrar puntos en com\u00fan,<\/strong> pese a nuestras importantes diferencias con ellos, en beneficio de todos los trabajadores. <strong>La uni\u00f3n hace la fuerza.<\/strong><\/li>\n<li>Cuando presumen de sus reivindicaciones, <strong>solo es necesario revisar las actas de la Comisi\u00f3n de Organizaci\u00f3n.<\/strong> No dicen nada, excepto para sumarse a las propuestas del resto de sindicatos y en algunas ocasiones posicionarse del lado de la Empresa.<\/li>\n<li>En cuanto a la sanci\u00f3n de nuestro compa\u00f1ero, en breves fechas tendremos un juicio en el que se ver\u00e1 si actu\u00f3, como le acusan, de manera ruin, mintiendo y difamando<strong> o por el contrario se demuestra que se trat\u00f3 de un pacto entre el BUB y la Empresa, para intentar amedrentar a un representante sindical que les resulta molesto a ambos.<\/strong><\/li>\n<li>Si acusan de hip\u00f3critas a otro sindicatos, por defender los intereses de la Empresa, al introducir el calendario de 4\u00ba Turno reforzado, en contra de lo comprometido en las Asambleas Generales,<strong> \u00bfC\u00f3mo debemos entonces calificarles a ellos? Recordemos todos que BUB firm\u00f3 el calendario de 4\u00ba Turno Reforzado de los a\u00f1os 2019 y 2020.<\/strong><\/li>\n<li>Cuando vuelven a utilizar como ataque a nuestro sindicato la reducci\u00f3n de jornada de nuestro compa\u00f1ero, <strong>mienten cuando dicen que es el \u00fanico trabajador con reducci\u00f3n de jornada acumulada y olvidan intencionadamente decir que tiene, como no puede ser de otro modo, un descuento salarial del 50% debido a su reducci\u00f3n.<\/strong><\/li>\n<\/ul>\n<p>Lo que s\u00ed tendr\u00eda que hacer el liberado de BUB es explicarnos a todos:<\/p>\n<ul>\n<li>\u00bfQui\u00e9n abre su oficina todos las ma\u00f1anas a las 7:30?<\/li>\n<li>\u00bfA qu\u00e9 hora entra todos los d\u00edas a trabajar?<\/li>\n<li>\u00bfCu\u00e1ntos d\u00edas al a\u00f1o hace sus 8 horas de jornada?<\/li>\n<li>Y si no tiene reducci\u00f3n de jornada&#8230;\u00bfC\u00f3mo es posible que no haya pisado la f\u00e1brica en toda la Semana Santa? o \u00bfC\u00f3mo es posible que trabaje lo que trabaja en todos los periodos vacacionales?<\/li>\n<\/ul>\n<p>Lo realmente cierto es que, al contrario que nuestro compa\u00f1ero, <strong>\u00e9l si est\u00e1 disfrutando de una reducci\u00f3n de jornada, vali\u00e9ndose de su cargo, y adem\u00e1s cobrando el 100% del salario.<\/strong><\/p>\n<p>Y por si no fuera suficiente, <strong>se permite el lujo de criticar la coherencia de una persona que por principios, decidi\u00f3 no beneficiarse de su posici\u00f3n y s\u00ed que se redujo por igual su jornada y su salario.<\/strong><\/p>\n","protected":false},"excerpt":{"rendered":"<p>Pese a que no es nuestro estilo, por una vez y sin que sirva de precedente, desde SITB-USO queremos responder al \u00faltimo comunicado de BUB, que como todos los anteriores es una sarta de mentiras y ataques personales, que nada tienen que ver ni con el sindicalismo, ni con la defensa de los intereses de [&hellip;]<\/p>\n","protected":false},"author":1,"featured_media":4380,"comment_status":"open","ping_status":"open","sticky":false,"template":"","format":"standard","meta":{"_joinchat":[],"footnotes":""},"categories":[10,14],"tags":[],"class_list":["post-4379","post","type-post","status-publish","format-standard","has-post-thumbnail","hentry","category-burgos","category-te-interesa"],"fimg_url":"https:\/\/www.sitb.es\/wp-content\/uploads\/2021\/04\/caradura.jpg","_links":{"self":[{"href":"https:\/\/www.sitb.es\/index.php?rest_route=\/wp\/v2\/posts\/4379","targetHints":{"allow":["GET"]}}],"collection":[{"href":"https:\/\/www.sitb.es\/index.php?rest_route=\/wp\/v2\/posts"}],"about":[{"href":"https:\/\/www.sitb.es\/index.php?rest_route=\/wp\/v2\/types\/post"}],"author":[{"embeddable":true,"href":"https:\/\/www.sitb.es\/index.php?rest_route=\/wp\/v2\/users\/1"}],"replies":[{"embeddable":true,"href":"https:\/\/www.sitb.es\/index.php?rest_route=%2Fwp%2Fv2%2Fcomments&post=4379"}],"version-history":[{"count":1,"href":"https:\/\/www.sitb.es\/index.php?rest_route=\/wp\/v2\/posts\/4379\/revisions"}],"predecessor-version":[{"id":4381,"href":"https:\/\/www.sitb.es\/index.php?rest_route=\/wp\/v2\/posts\/4379\/revisions\/4381"}],"wp:featuredmedia":[{"embeddable":true,"href":"https:\/\/www.sitb.es\/index.php?rest_route=\/wp\/v2\/media\/4380"}],"wp:attachment":[{"href":"https:\/\/www.sitb.es\/index.php?rest_route=%2Fwp%2Fv2%2Fmedia&parent=4379"}],"wp:term":[{"taxonomy":"category","embeddable":true,"href":"https:\/\/www.sitb.es\/index.php?rest_route=%2Fwp%2Fv2%2Fcategories&post=4379"},{"taxonomy":"post_tag","embeddable":true,"href":"https:\/\/www.sitb.es\/index.php?rest_route=%2Fwp%2Fv2%2Ftags&post=4379"}],"curies":[{"name":"wp","href":"https:\/\/api.w.org\/{rel}","templated":true}]}}