{"id":3977,"date":"2019-06-05T17:28:26","date_gmt":"2019-06-05T16:28:26","guid":{"rendered":"https:\/\/www.usobridgestone.com\/?p=3977"},"modified":"2019-06-06T07:32:02","modified_gmt":"2019-06-06T06:32:02","slug":"flexibilidad-negativa-en-burgos","status":"publish","type":"post","link":"https:\/\/www.sitb.es\/?p=3977","title":{"rendered":"Flexibilidad negativa en Burgos"},"content":{"rendered":"<ul>\n<li>\n<p style=\"text-align: justify;\">En la reuni\u00f3n de hoy de la<strong> Comisi\u00f3n de Seguimiento de la Flexibilidad <\/strong>para la aplicacion de tres d\u00edas de flexibilidad negativa para la f\u00e1brica de Burgos, la Empresa ha resuelto las dudas planteadas en la anterior reuni\u00f3n en Burgos el d\u00eda 3, respondiendo entre otras cuestiones que ya se ha implementado un plan de acciones para mejorar las ventas en el mercado de reposici\u00f3n a nivel europeo.<br \/>\nLa Empresa <strong>no ha aceptado las modificaciones <\/strong>presentadas desde la parte social para cambiar el d\u00eda 29 de junio en el calendario del 4\u00b0turno reforzado.<br \/>\n<strong>Si ha aceptado <\/strong>la propuesta en el calendario de lunes a viernes, de retirar la posibilidad de elegir entre los diez dias amarillos y <strong>marcar tres concretos en cada uno de los dos calendarios existentes(A y B), <\/strong>calendario que se presentar\u00e1 en la f\u00e1brica de Burgos en los pr\u00f3ximos d\u00edas.<\/p>\n<p style=\"text-align: justify;\"><strong>SITB<\/strong> tras mostrar nuestras dudas e inquietudes, en especial respecto de lo que pueda ocurrir en el \u00faltimo trimestre del a\u00f1o, <strong>hemos procedido a su necesaria constataci\u00f3n,<\/strong> ya que en esta ocasi\u00f3n la Empresa ha cumplimentado las circunstancias exigidas en el <strong>Art\u00edculo 100-b<\/strong> del vigente Convenio, al contrario de anteriores flexibilidades en las que no fue as\u00ed y pese a ello el <strong>BUGT<\/strong> constat\u00f3 sin dudarlo.<\/p>\n<p style=\"text-align: justify;\">Tambi\u00e9n hemos <strong>mostrado nuestra preocupaci\u00f3n y malestar<\/strong> ante la costumbre que est\u00e1n adquiriendo de hacer repercutir directamente en la plantilla los desajustes en las producciones y ventas.<\/p>\n<\/li>\n<\/ul>\n","protected":false},"excerpt":{"rendered":"<p>En la reuni\u00f3n de hoy de la Comisi\u00f3n de Seguimiento de la Flexibilidad para la aplicacion de tres d\u00edas de flexibilidad negativa para la f\u00e1brica de Burgos, la Empresa ha resuelto las dudas planteadas en la anterior reuni\u00f3n en Burgos el d\u00eda 3, respondiendo entre otras cuestiones que ya se ha implementado un plan de [&hellip;]<\/p>\n","protected":false},"author":1,"featured_media":3978,"comment_status":"open","ping_status":"open","sticky":false,"template":"","format":"standard","meta":{"_joinchat":[],"footnotes":""},"categories":[10],"tags":[],"class_list":["post-3977","post","type-post","status-publish","format-standard","has-post-thumbnail","hentry","category-burgos"],"fimg_url":"https:\/\/www.sitb.es\/wp-content\/uploads\/2019\/06\/mejorar-la-flexibilidad-832x350.png","_links":{"self":[{"href":"https:\/\/www.sitb.es\/index.php?rest_route=\/wp\/v2\/posts\/3977","targetHints":{"allow":["GET"]}}],"collection":[{"href":"https:\/\/www.sitb.es\/index.php?rest_route=\/wp\/v2\/posts"}],"about":[{"href":"https:\/\/www.sitb.es\/index.php?rest_route=\/wp\/v2\/types\/post"}],"author":[{"embeddable":true,"href":"https:\/\/www.sitb.es\/index.php?rest_route=\/wp\/v2\/users\/1"}],"replies":[{"embeddable":true,"href":"https:\/\/www.sitb.es\/index.php?rest_route=%2Fwp%2Fv2%2Fcomments&post=3977"}],"version-history":[{"count":12,"href":"https:\/\/www.sitb.es\/index.php?rest_route=\/wp\/v2\/posts\/3977\/revisions"}],"predecessor-version":[{"id":3992,"href":"https:\/\/www.sitb.es\/index.php?rest_route=\/wp\/v2\/posts\/3977\/revisions\/3992"}],"wp:featuredmedia":[{"embeddable":true,"href":"https:\/\/www.sitb.es\/index.php?rest_route=\/wp\/v2\/media\/3978"}],"wp:attachment":[{"href":"https:\/\/www.sitb.es\/index.php?rest_route=%2Fwp%2Fv2%2Fmedia&parent=3977"}],"wp:term":[{"taxonomy":"category","embeddable":true,"href":"https:\/\/www.sitb.es\/index.php?rest_route=%2Fwp%2Fv2%2Fcategories&post=3977"},{"taxonomy":"post_tag","embeddable":true,"href":"https:\/\/www.sitb.es\/index.php?rest_route=%2Fwp%2Fv2%2Ftags&post=3977"}],"curies":[{"name":"wp","href":"https:\/\/api.w.org\/{rel}","templated":true}]}}