{"id":3935,"date":"2019-05-22T07:26:59","date_gmt":"2019-05-22T06:26:59","guid":{"rendered":"https:\/\/www.usobridgestone.com\/?p=3935"},"modified":"2019-05-22T10:05:09","modified_gmt":"2019-05-22T09:05:09","slug":"bajada-de-produccion","status":"publish","type":"post","link":"https:\/\/www.sitb.es\/?p=3935","title":{"rendered":"Bajada de producci\u00f3n en la planta de Burgos"},"content":{"rendered":"<p>El d\u00eda 20 de Mayo la Direcci\u00f3n de la planta de Burgos, convoc\u00f3 al Comit\u00e9 de Empresa para trasladarnos el <strong>desajuste existente entre el nivel de inventario y el de venta de cubiertas de turismo a nivel europeo.<\/strong><\/p>\n<p>Este desajuste va a suponer una <strong>bajada en las producciones en todas las plantas europeas de fabricaci\u00f3n de turismo, afectando de manera importante a la de Burgos durante los meses de Junio, Julio y Agosto.<\/strong><\/p>\n<p style=\"text-align: justify;\">En estos d\u00edas, se est\u00e1n<strong> estudiando los distintos escenarios<\/strong> para acometer este ajuste de producci\u00f3n, sin que la Direcci\u00f3n concretase nada, mas all\u00e1 de informarnos que <strong>los trabajadores eventuales cuyos contratos vayan venciendo en pr\u00f3ximas fechas no van a ser renovados provisionalmente,<\/strong> hasta que la situaci\u00f3n se recupere.<\/p>\n<p>En cuanto a las necesidades que se van a generar para acometer las vacaciones de APT, nos informaron que se van a cubrir con plantilla que ahora se encuentra trabajando en producci\u00f3n.<\/p>\n<p>Desde el Comit\u00e9, hemos trasladado a la Direcci\u00f3n la necesidad de dar visibilidad a los trabajadores que no sean renovados de cuando podr\u00edan volver a incorporarse, la idea de <strong>que se acometan lo antes posible los traslados de trabajadores que desean retornar a la f\u00e1brica de PSM<\/strong>, tanto los del a\u00f1o 2017 como los anteriores y que se tomen una serie de medidas que <strong>minimicen el impacto sobre los trabajadores temporales<\/strong> hasta que esta situaci\u00f3n coyuntural desaparezca.<\/p>\n<p>Seguiremos informando.<\/p>\n<p>&nbsp;<\/p>\n","protected":false},"excerpt":{"rendered":"<p>El d\u00eda 20 de Mayo la Direcci\u00f3n de la planta de Burgos, convoc\u00f3 al Comit\u00e9 de Empresa para trasladarnos el desajuste existente entre el nivel de inventario y el de venta de cubiertas de turismo a nivel europeo. Este desajuste va a suponer una bajada en las producciones en todas las plantas europeas de fabricaci\u00f3n [&hellip;]<\/p>\n","protected":false},"author":1,"featured_media":3942,"comment_status":"open","ping_status":"open","sticky":false,"template":"","format":"standard","meta":{"_joinchat":[],"footnotes":""},"categories":[10,14],"tags":[],"class_list":["post-3935","post","type-post","status-publish","format-standard","has-post-thumbnail","hentry","category-burgos","category-te-interesa"],"fimg_url":"https:\/\/www.sitb.es\/wp-content\/uploads\/2019\/05\/descenso-de-produccion_2_hi.jpg","_links":{"self":[{"href":"https:\/\/www.sitb.es\/index.php?rest_route=\/wp\/v2\/posts\/3935","targetHints":{"allow":["GET"]}}],"collection":[{"href":"https:\/\/www.sitb.es\/index.php?rest_route=\/wp\/v2\/posts"}],"about":[{"href":"https:\/\/www.sitb.es\/index.php?rest_route=\/wp\/v2\/types\/post"}],"author":[{"embeddable":true,"href":"https:\/\/www.sitb.es\/index.php?rest_route=\/wp\/v2\/users\/1"}],"replies":[{"embeddable":true,"href":"https:\/\/www.sitb.es\/index.php?rest_route=%2Fwp%2Fv2%2Fcomments&post=3935"}],"version-history":[{"count":3,"href":"https:\/\/www.sitb.es\/index.php?rest_route=\/wp\/v2\/posts\/3935\/revisions"}],"predecessor-version":[{"id":3945,"href":"https:\/\/www.sitb.es\/index.php?rest_route=\/wp\/v2\/posts\/3935\/revisions\/3945"}],"wp:featuredmedia":[{"embeddable":true,"href":"https:\/\/www.sitb.es\/index.php?rest_route=\/wp\/v2\/media\/3942"}],"wp:attachment":[{"href":"https:\/\/www.sitb.es\/index.php?rest_route=%2Fwp%2Fv2%2Fmedia&parent=3935"}],"wp:term":[{"taxonomy":"category","embeddable":true,"href":"https:\/\/www.sitb.es\/index.php?rest_route=%2Fwp%2Fv2%2Fcategories&post=3935"},{"taxonomy":"post_tag","embeddable":true,"href":"https:\/\/www.sitb.es\/index.php?rest_route=%2Fwp%2Fv2%2Ftags&post=3935"}],"curies":[{"name":"wp","href":"https:\/\/api.w.org\/{rel}","templated":true}]}}