{"id":3255,"date":"2017-04-26T12:44:02","date_gmt":"2017-04-26T11:44:02","guid":{"rendered":"http:\/\/sitb.es\/?p=3255"},"modified":"2017-05-10T11:53:05","modified_gmt":"2017-05-10T10:53:05","slug":"circo-en-la-calle-goya-audiencia-nacional","status":"publish","type":"post","link":"https:\/\/www.sitb.es\/?p=3255","title":{"rendered":"Circo en la Calle Goya (Audiencia Nacional)"},"content":{"rendered":"<p style=\"text-align: justify;\">Ayer d\u00eda 25, tuvo lugar en la Audiencia Nacional, la Vista por la flexibilidad positiva de Basauri y aun estamos dudando si aquello era una Vista o un Circo.<br \/>\nTras una vergonzosa actuaci\u00f3n por parte de Comisiones Obreras y sus servicios jur\u00eddicos al reconocer ante el juez en su primera intervenci\u00f3n que la flexibilidad SI se<!--more--> hab\u00eda constatado, aunque en su denuncia recog\u00edan que no, el Juez les sac\u00f3 los colores al preguntar \u00abentonces \u00bfqu\u00e9 hacemos aqu\u00ed?<br \/>\nA la vez, UGT reconoc\u00eda que se daban las causas para aplicar la flexibilidad, pero el debate viene a la hora de aplicarla en los calendarios. Entonces el Juez vuelve a decir \u00ab\u00bfy que hacemos aqu\u00ed, si eso es otro pleito? Si este pleito se hubiera metido en su momento, ya estar\u00eda resuelto\u00bb.<br \/>\nEstas acciones de estos sindicatos, nos demuestran que lo que buscan es ganar tiempo para que la empresa pueda aplicar la flexibilidad que ahora s\u00ed est\u00e1 constatada.<br \/>\nPara terminar el juez pidi\u00f3 que se debatir\u00e1 entre las partes para llegar a un acuerdo y al final Comisiones Obreras se vio obligada por el rid\u00edculo que hab\u00eda hecho a retirar la demanda y la empresa mostr\u00f3 su intenci\u00f3n de aplicar la flexibilidad en Basauri.<br \/>\nEntre tanto rid\u00edculo vimos como los servicios jur\u00eddicos de Comisiones Obreras expresaban su preocupaci\u00f3n por la posible p\u00e9rdida de producciones, a lo que algunos de los presentes le respondimos que lo que la empresa ten\u00eda que hacer era contratar gente.<br \/>\nVemos como la empresa una vez m\u00e1s, y ya son muchas, consigue un punto m\u00e1s con \u00e9l para bien de UGT y Comisiones Obreras todo ello perjudicando de nuevo a los trabajadores \u00bfAyer d\u00eda 25, tubo lugar en la Audiencia Nacional, la Vista por la flexibilidad positiva de Basauri y aun estamos dudando si aquello era una Vista o un Circo.<br \/>\nTras una vergonzosa actuaci\u00f3n por parte de Comisiones Obreras y sus servicios jur\u00eddicos al reconocer ante el juez en su primera intervenci\u00f3n que la flexibilidad S\u00cd se hab\u00eda constatado, aunque en su denuncia recog\u00edan que no, el Juez les sac\u00f3 los colores al preguntar \u00abentonces \u00bfqu\u00e9 hacemos aqu\u00ed?<br \/>\nA la vez, UGT reconoc\u00eda que se daban las causas para aplicar la flexibilidad, pero el debate viene a la hora de aplicarla en los calendarios. Entonces el Juez vuelve a decir \u00ab\u00bfy que hacemos aqu\u00ed, si eso es otro pleito? Si este pleito se hubiera metido en su momento, ya estar\u00eda resuelto\u00bb.<br \/>\nEstas acciones de estos sindicatos, nos demuestran que lo que buscan es ganar tiempo para que la empresa pueda aplicar la flexibilidad que ahora s\u00ed est\u00e1 constatada.<br \/>\nPara terminar el juez pidi\u00f3 que se debatir\u00e1 entre las partes para llegar a un acuerdo y al final Comisiones Obreras se vio obligada por el rid\u00edculo que hab\u00eda hecho a retirar la demanda y la empresa mostr\u00f3 su intenci\u00f3n de aplicar la flexibilidad en Basauri.<br \/>\nEntre tanto rid\u00edculo vimos como los servicios jur\u00eddicos de Comisiones Obreras expresaban su preocupaci\u00f3n por la posible p\u00e9rdida de producciones, a lo que algunos de los presentes le respondimos que lo que la empresa ten\u00eda que hacer era contratar gente.<br \/>\nVemos como la empresa una vez m\u00e1s, y ya son muchas, consigue un punto m\u00e1s con \u00e9l para bien de UGT y Comisiones Obreras todo ello perjudicando de nuevo a los trabajadores<\/p>\n<p style=\"text-align: justify;\">\u00bfA QUIEN REPRESENTAN ESTOS DOS?<\/p>\n","protected":false},"excerpt":{"rendered":"<p>Ayer d\u00eda 25, tuvo lugar en la Audiencia Nacional, la Vista por la flexibilidad positiva de Basauri y aun estamos dudando si aquello era una Vista o un Circo. Tras una vergonzosa actuaci\u00f3n por parte de Comisiones Obreras y sus servicios jur\u00eddicos al reconocer ante el juez en su primera intervenci\u00f3n que la flexibilidad SI [&hellip;]<\/p>\n","protected":false},"author":1,"featured_media":0,"comment_status":"open","ping_status":"open","sticky":false,"template":"","format":"standard","meta":{"_joinchat":[],"footnotes":""},"categories":[11,20,16,14],"tags":[],"class_list":["post-3255","post","type-post","status-publish","format-standard","hentry","category-basauri","category-calendarios","category-convenios","category-te-interesa"],"fimg_url":false,"_links":{"self":[{"href":"https:\/\/www.sitb.es\/index.php?rest_route=\/wp\/v2\/posts\/3255","targetHints":{"allow":["GET"]}}],"collection":[{"href":"https:\/\/www.sitb.es\/index.php?rest_route=\/wp\/v2\/posts"}],"about":[{"href":"https:\/\/www.sitb.es\/index.php?rest_route=\/wp\/v2\/types\/post"}],"author":[{"embeddable":true,"href":"https:\/\/www.sitb.es\/index.php?rest_route=\/wp\/v2\/users\/1"}],"replies":[{"embeddable":true,"href":"https:\/\/www.sitb.es\/index.php?rest_route=%2Fwp%2Fv2%2Fcomments&post=3255"}],"version-history":[{"count":3,"href":"https:\/\/www.sitb.es\/index.php?rest_route=\/wp\/v2\/posts\/3255\/revisions"}],"predecessor-version":[{"id":3268,"href":"https:\/\/www.sitb.es\/index.php?rest_route=\/wp\/v2\/posts\/3255\/revisions\/3268"}],"wp:attachment":[{"href":"https:\/\/www.sitb.es\/index.php?rest_route=%2Fwp%2Fv2%2Fmedia&parent=3255"}],"wp:term":[{"taxonomy":"category","embeddable":true,"href":"https:\/\/www.sitb.es\/index.php?rest_route=%2Fwp%2Fv2%2Fcategories&post=3255"},{"taxonomy":"post_tag","embeddable":true,"href":"https:\/\/www.sitb.es\/index.php?rest_route=%2Fwp%2Fv2%2Ftags&post=3255"}],"curies":[{"name":"wp","href":"https:\/\/api.w.org\/{rel}","templated":true}]}}